{"id":17489,"date":"2026-03-12T12:44:01","date_gmt":"2026-03-12T09:44:01","guid":{"rendered":"https:\/\/vendor.energy\/articles\/power-grid-security-energy-transition\/"},"modified":"2026-03-12T13:54:03","modified_gmt":"2026-03-12T10:54:03","slug":"securitatea-retelei-electrice","status":"publish","type":"post","link":"https:\/\/vendor.energy\/ro\/articles\/securitatea-retelei-electrice\/","title":{"rendered":"Punctul Critic al Re\u021belei Electrice: Analiz\u0103 asupra Schimb\u0103rii Arhitecturii Sistemului Energetic Global"},"content":{"rendered":"\t\t<div data-elementor-type=\"wp-post\" data-elementor-id=\"17489\" class=\"elementor elementor-17489 elementor-17459\" data-elementor-post-type=\"post\">\n\t\t\t\t<div class=\"elementor-element elementor-element-03295b9 e-flex e-con-boxed e-con e-parent\" data-id=\"03295b9\" data-element_type=\"container\" data-e-type=\"container\" data-settings=\"{&quot;background_background&quot;:&quot;classic&quot;}\">\n\t\t\t\t\t<div class=\"e-con-inner\">\n\t\t\t\t<div class=\"elementor-element elementor-element-2402ce3 elementor-widget elementor-widget-shortcode\" data-id=\"2402ce3\" data-element_type=\"widget\" data-e-type=\"widget\" data-widget_type=\"shortcode.default\">\n\t\t\t\t<div class=\"elementor-widget-container\">\n\t\t\t\t\t\t\t<div class=\"elementor-shortcode\"><h2 class=\"custom-entry-title\">Punctul Critic al Re\u021belei Electrice: Analiz\u0103 asupra Schimb\u0103rii Arhitecturii Sistemului Energetic Global<\/h2><\/div>\n\t\t\t\t\t\t<\/div>\n\t\t\t\t<\/div>\n\t\t\t\t\t<\/div>\n\t\t\t\t<\/div>\n\t\t<div class=\"elementor-element elementor-element-29f2f44 e-flex e-con-boxed e-con e-parent\" data-id=\"29f2f44\" data-element_type=\"container\" data-e-type=\"container\">\n\t\t\t\t\t<div class=\"e-con-inner\">\n\t\t\t\t<div class=\"elementor-element elementor-element-f2de26f elementor-widget elementor-widget-html\" data-id=\"f2de26f\" data-element_type=\"widget\" data-e-type=\"widget\" data-widget_type=\"html.default\">\n\t\t\t\t<div class=\"elementor-widget-container\">\n\t\t\t\t\t<script>\nwindow.MathJax = {\n  tex: {\n    inlineMath: [['$', '$'], ['\\\\(', '\\\\)']],\n    displayMath: [['$$', '$$'], ['\\\\[', '\\\\]']]\n  },\n  svg: {\n    fontCache: 'global'\n  }\n};\n<\/script>\n<script src=\"https:\/\/cdnjs.cloudflare.com\/ajax\/libs\/mathjax\/3.2.2\/es5\/tex-mml-chtml.min.js\"><\/script>\n<script>\ndocument.addEventListener('DOMContentLoaded', function() {\n  setTimeout(function() {\n    if (window.MathJax && window.MathJax.typesetPromise) {\n      window.MathJax.typesetPromise().then(function() {\n        \/\/ \u041d\u0430\u0445\u043e\u0434\u0438\u043c \u0432\u0441\u0435 \u0444\u043e\u0440\u043c\u0443\u043b\u044b \u0438 \u043e\u0431\u043e\u0440\u0430\u0447\u0438\u0432\u0430\u0435\u043c \u0438\u0445 \u0432 \u0441\u043a\u0440\u043e\u043b\u043b-\u043a\u043e\u043d\u0442\u0435\u0439\u043d\u0435\u0440\u044b\n        const equations = document.querySelectorAll('mjx-container[display=\"true\"]');\n        equations.forEach(function(eq) {\n          if (!eq.closest('.math-scroll-wrapper')) {\n            const wrapper = document.createElement('div');\n            wrapper.className = 'math-scroll-wrapper';\n            eq.parentNode.insertBefore(wrapper, eq);\n            wrapper.appendChild(eq);\n          }\n        });\n      });\n    }\n  }, 1500);\n});\n<\/script>\n\n<style>\n\/* \u041e\u0431\u0435\u0440\u0442\u043a\u0430 \u0434\u043b\u044f \u0434\u043b\u0438\u043d\u043d\u044b\u0445 \u0444\u043e\u0440\u043c\u0443\u043b \u0441 \u043f\u0440\u043e\u043a\u0440\u0443\u0442\u043a\u043e\u0439 *\/\n.math-scroll-wrapper {\n  width: 100%;\n  overflow-x: auto;\n  overflow-y: hidden;\n  padding: 10px 0;\n  margin: 15px 0;\n  border: 1px solid #e0e0e0;\n  border-radius: 5px;\n  background: #fafafa;\n  -webkit-overflow-scrolling: touch;\n}\n\n.math-scroll-wrapper mjx-container {\n  min-width: max-content;\n  white-space: nowrap;\n  margin: 0 !important;\n}\n\n\/* \u041a\u0440\u0430\u0441\u0438\u0432\u044b\u0439 \u0441\u043a\u0440\u043e\u043b\u043b *\/\n.math-scroll-wrapper::-webkit-scrollbar {\n  height: 8px;\n}\n\n.math-scroll-wrapper::-webkit-scrollbar-track {\n  background: #f1f1f1;\n  border-radius: 10px;\n}\n\n.math-scroll-wrapper::-webkit-scrollbar-thumb {\n  background: #888;\n  border-radius: 10px;\n}\n\n.math-scroll-wrapper::-webkit-scrollbar-thumb:hover {\n  background: #555;\n}\n\n\/* \u0418\u043d\u0434\u0438\u043a\u0430\u0442\u043e\u0440 \u043f\u0440\u043e\u043a\u0440\u0443\u0442\u043a\u0438 *\/\n.math-scroll-wrapper::before {\n  content: \"\u2190 scroll to view full formula \u2192\";\n  display: block;\n  text-align: center;\n  font-size: 11px;\n  color: #666;\n  margin-bottom: 5px;\n  font-style: italic;\n}\n\n@media (min-width: 1200px) {\n  .math-scroll-wrapper::before {\n    display: none;\n  }\n  \n  .math-scroll-wrapper {\n    border: none;\n    background: transparent;\n    overflow: visible;\n  }\n}\n<\/style>\n<style>\n\/* \u0410\u0434\u0430\u043f\u0442\u0438\u0432\u043d\u044b\u0435 \u0442\u0430\u0431\u043b\u0438\u0446\u044b *\/\ntable {\n  width: 100% !important;\n  border-collapse: collapse !important;\n  margin: 20px 0 !important;\n  font-size: 14px !important;\n}\n\n\/* \u041e\u0431\u0435\u0440\u0442\u043a\u0430 \u0434\u043b\u044f \u0433\u043e\u0440\u0438\u0437\u043e\u043d\u0442\u0430\u043b\u044c\u043d\u043e\u0439 \u043f\u0440\u043e\u043a\u0440\u0443\u0442\u043a\u0438 \u0442\u0430\u0431\u043b\u0438\u0446 *\/\n.table-wrapper {\n  width: 100%;\n  overflow-x: auto;\n  -webkit-overflow-scrolling: touch;\n  margin: 20px 0;\n  border: 1px solid #ddd;\n  border-radius: 5px;\n}\n\n.table-wrapper table {\n  margin: 0 !important;\n  min-width: 600px; \/* \u041c\u0438\u043d\u0438\u043c\u0430\u043b\u044c\u043d\u0430\u044f \u0448\u0438\u0440\u0438\u043d\u0430 \u0442\u0430\u0431\u043b\u0438\u0446\u044b *\/\n}\n\n\/* \u0410\u0432\u0442\u043e\u043c\u0430\u0442\u0438\u0447\u0435\u0441\u043a\u043e\u0435 \u0441\u043e\u0437\u0434\u0430\u043d\u0438\u0435 \u043e\u0431\u0435\u0440\u0442\u043a\u0438 \u0447\u0435\u0440\u0435\u0437 CSS *\/\ntable {\n  display: block;\n  white-space: nowrap;\n  overflow-x: auto;\n  overflow-y: hidden;\n  max-width: 100%;\n}\n\ntable thead,\ntable tbody,\ntable tr {\n  display: table;\n  width: 100%;\n  table-layout: fixed;\n}\n\ntable thead {\n  width: calc(100% - 17px); \/* \u041a\u043e\u043c\u043f\u0435\u043d\u0441\u0430\u0446\u0438\u044f \u0441\u043a\u0440\u043e\u043b\u043b\u0431\u0430\u0440\u0430 *\/\n}\n\n\/* \u0421\u0442\u0438\u043b\u0438 \u0434\u043b\u044f \u044f\u0447\u0435\u0435\u043a \u0442\u0430\u0431\u043b\u0438\u0446\u044b *\/\ntable th,\ntable td {\n  padding: 8px 12px !important;\n  text-align: left !important;\n  border: 1px solid #ddd !important;\n  word-wrap: break-word !important;\n  display: table-cell !important;\n  white-space: normal !important;\n}\n\ntable th {\n  background-color: #f5f5f5 !important;\n  font-weight: bold !important;\n}\n\n\/* \u041c\u043e\u0431\u0438\u043b\u044c\u043d\u044b\u0435 \u0441\u0442\u0438\u043b\u0438 *\/\n@media (max-width: 768px) {\n  table {\n    font-size: 12px !important;\n  }\n  \n  table th,\n  table td {\n    padding: 6px 8px !important;\n  }\n  \n  \/* \u0410\u043b\u044c\u0442\u0435\u0440\u043d\u0430\u0442\u0438\u0432\u0430 - \u0432\u0435\u0440\u0442\u0438\u043a\u0430\u043b\u044c\u043d\u044b\u0439 \u043c\u0430\u043a\u0435\u0442 \u0434\u043b\u044f \u043e\u0447\u0435\u043d\u044c \u043c\u0430\u043b\u0435\u043d\u044c\u043a\u0438\u0445 \u044d\u043a\u0440\u0430\u043d\u043e\u0432 *\/\n  @media (max-width: 480px) {\n    .mobile-table-stack table,\n    .mobile-table-stack thead,\n    .mobile-table-stack tbody,\n    .mobile-table-stack th,\n    .mobile-table-stack td,\n    .mobile-table-stack tr {\n      display: block !important;\n    }\n    \n    .mobile-table-stack thead tr {\n      position: absolute !important;\n      top: -9999px !important;\n      left: -9999px !important;\n    }\n    \n    .mobile-table-stack tr {\n      border: 1px solid #ccc !important;\n      margin-bottom: 10px !important;\n      padding: 10px !important;\n    }\n    \n    .mobile-table-stack td {\n      border: none !important;\n      position: relative !important;\n      padding-left: 50% !important;\n      padding-top: 10px !important;\n      padding-bottom: 10px !important;\n    }\n    \n    .mobile-table-stack td:before {\n      content: attr(data-label) \": \" !important;\n      position: absolute !important;\n      left: 6px !important;\n      width: 45% !important;\n      text-align: left !important;\n      font-weight: bold !important;\n    }\n  }\n}\n\n\/* \u0421\u043a\u0440\u043e\u043b\u043b\u0431\u0430\u0440 \u0434\u043b\u044f \u0442\u0430\u0431\u043b\u0438\u0446 *\/\ntable::-webkit-scrollbar {\n  height: 10px;\n}\n\ntable::-webkit-scrollbar-track {\n  background: #f1f1f1;\n  border-radius: 5px;\n}\n\ntable::-webkit-scrollbar-thumb {\n  background: #888;\n  border-radius: 5px;\n}\n\ntable::-webkit-scrollbar-thumb:hover {\n  background: #555;\n}\n<\/style>\t\t\t\t<\/div>\n\t\t\t\t<\/div>\n\t\t\t\t<div class=\"elementor-element elementor-element-b680c54 elementor-widget elementor-widget-html\" data-id=\"b680c54\" data-element_type=\"widget\" data-e-type=\"widget\" data-widget_type=\"html.default\">\n\t\t\t\t<div class=\"elementor-widget-container\">\n\t\t\t\t\t<p><strong>Autori:<\/strong> V. Peretyachenko, O. Krishevich<\/p>\n\n<p><strong>Securitatea re\u021belei electrice<\/strong> a ajuns \u00eentr-un punct critic. Privite \u00een ansamblu, documentele oficiale arat\u0103 din ce \u00een ce mai clar c\u0103 arhitectura actual\u0103 a re\u021belei electrice globale \u2014 cu expansiunea sa lent\u0103, blocajele persistente \u0219i dependen\u021ba ridicat\u0103 de c\u00e2teva straturi critice \u2014 nu mai \u021bine pasul cu noua cerere generat\u0103 de inteligen\u021ba artificial\u0103, centrele de date \u0219i electrificare. Aceasta devine o vulnerabilitate de securitate na\u021bional\u0103. Iar orice tentativ\u0103 de adaptare la noile realit\u0103\u021bi f\u0103r\u0103 schimb\u0103ri structurale declan\u0219eaz\u0103 o avalan\u0219\u0103 de complexitate suplimentar\u0103 \u0219i costuri \u00een cre\u0219tere. \u00centre timp, \u00een toat\u0103 lumea apar solu\u021bii care, \u00een termeni practici, preg\u0103tesc tranzi\u021bia spre o alt\u0103 arhitectur\u0103 \u2014 mai distribuit\u0103, construit\u0103 \u00een jurul nodurilor locale, centralelor electrice virtuale \u0219i stoc\u0103rii de lung\u0103 durat\u0103 \u2014 chiar dac\u0103 factorii de decizie continu\u0103 s\u0103 le prezinte oficial drept \u201eoptimizare\" a sistemului existent.<sup>[1][2][3][4][5][6][7][8]<\/sup><\/p>\n\n<p>Aceast\u0103 analiz\u0103 explic\u0103 de ce <strong>securitatea re\u021belei electrice<\/strong>, <strong>riscul de blackout<\/strong>, dependen\u021ba de litiu \u0219i apari\u021bia <strong>sistemelor energetice distribuite<\/strong> au devenit teme centrale pentru viitorul infrastructurii energetice globale.<\/p>\n<section aria-label=\"Ce analizeaz\u0103 acest raport\">\n  <h2>Ce analizeaz\u0103 acest raport<\/h2>\n  <ul>\n    <li>De ce securitatea re\u021belei electrice devine o problem\u0103 de securitate na\u021bional\u0103<\/li>\n    <li>Cum inteligen\u021ba artificial\u0103, centrele de date \u0219i electrificarea cresc riscul de blackout<\/li>\n    <li>De ce dependen\u021ba de litiu \u0219i sistemele de stocare pe baterii creeaz\u0103 noi limite materiale<\/li>\n    <li>Rolul tot mai important al sistemelor energetice distribuite, centralelor virtuale \u0219i stoc\u0103rii pe termen lung<\/li>\n    <li>De ce nodurile energetice autonome pot deveni al doilea strat al infrastructurii energetice<\/li>\n  <\/ul>\n<\/section>\n\n<br>\n\n<figure class=\"vendor-image-block\">\n<img loading=\"lazy\" decoding=\"async\"\n  src=\"https:\/\/vendor.energy\/wp-content\/uploads\/2026\/03\/grid_transition_visual_clean-scaled.png\"\n  alt=\"Vizualizare a tranzi\u021biei de la re\u021beaua electric\u0103 centralizat\u0103 la sisteme energetice distribuite \u0219i noduri energetice autonome\"\n  title=\"Arhitectura tranzi\u021biei re\u021belei \u2014 De la re\u021beaua centralizat\u0103 la noduri energetice distribuite\"\n  loading=\"lazy\"\n  width=\"1200\"\n  height=\"675\"\n\/>\n<figcaption>\n  Vizualizare a tranzi\u021biei de la o re\u021bea electric\u0103 centralizat\u0103 la infrastructur\u0103 energetic\u0103 distribuit\u0103, rezilient\u0103 \u0219i bazat\u0103 pe noduri autonome.\n<\/figcaption>\n<\/figure>\n\n<br>\n\n<hr>\n\n<h2>Re\u021beaua electric\u0103 ca problem\u0103 de securitate na\u021bional\u0103<\/h2>\n\n<p>\u00cen aprilie 2025, Statele Unite au emis un Ordin Executiv intitulat \u201eStrengthening the Reliability and Security of the United States Electric Grid\", preciz\u00e2nd explicit c\u0103 cererea \u00een cre\u0219tere \u2014 din partea centrelor de date pentru IA \u0219i a reindustrializ\u0103rii \u2014 combinat\u0103 cu capacitatea limitat\u0103 a re\u021belei, constituie o amenin\u021bare la adresa securit\u0103\u021bii na\u021bionale \u0219i economice. Obiectivul de politic\u0103: asigurarea fiabilit\u0103\u021bii, rezilien\u021bei \u0219i securit\u0103\u021bii sistemului energetic ca premis\u0103 pentru men\u021binerea avantajului tehnologic. Raportul Departamentului Energiei din iulie 2025 a avertizat c\u0103 \u00een scenariile de retragere masiv\u0103 a capacit\u0103\u021bilor ferme \u0219i de \u00eenlocuire insuficient\u0103 cu capacit\u0103\u021bi de rezerv\u0103 fiabile, riscul de \u00eentreruperi ar putea cre\u0219te brusc p\u00e2n\u0103 \u00een 2030, mai multe regiuni urm\u00e2nd s\u0103 se confrunte cu un nivel semnificativ mai ridicat de stres pentru fiabilitatea sistemului energetic.<sup>[3][9][10][1]<\/sup><\/p>\n\n<p>Acela\u0219i raport subliniaz\u0103 c\u0103 aproximativ 104 GW de capacitate ferm\u0103 \u00een curs de retragere sunt \u00eenlocui\u021bi \u00een principal cu surse cu produc\u021bie variabil\u0103, doar ~22 GW provenind din generare de baz\u0103 nou\u0103 \u0219i ferm\u0103 \u2014 o schimbare care submineaz\u0103 semnificativ gestionabilitatea \u0219i rezilien\u021ba re\u021belei. Grupurile de reflec\u021bie legate de ap\u0103rare au mers mai departe, numindu-l pe infrastructura de transport \u201epiatra de temelie a ap\u0103r\u0103rii na\u021bionale\" \u0219i argument\u00e2nd c\u0103 premisa dominant\u0103 \u2014 c\u0103 \u00eembun\u0103t\u0103\u021birea fiabilit\u0103\u021bii protejeaz\u0103 automat securitatea \u2014 a e\u0219uat demonstrabil. Ace\u0219tia solicit\u0103 ca criteriile de securitate na\u021bional\u0103 s\u0103 fie incluse explicit \u00een evaluarea proiectelor de linii de transport.<sup>[9][10][11]<\/sup><\/p>\n\n<p>\u00cen Europa, Pachetul european pentru re\u021bele electrice (decembrie 2025) coreleaz\u0103 direct starea re\u021belelor cu competitivitatea, decarbonizarea \u0219i securitatea, semnal\u00e2nd blocajele, lentoarea procedurilor de autorizare \u0219i dependen\u021ba de furnizorii externi de echipamente ca probleme structurale. Pachetul integreaz\u0103 rezilien\u021ba fizic\u0103 \u0219i cibernetic\u0103 \u00een planificarea \u0219i monitorizarea re\u021belelor \u0219i introduce reguli de conectare \u0219i autorizare mai selective, bazate pe maturitatea proiectelor.<sup>[2][12]<\/sup><\/p>\n\n<p>\u00cen martie 2026, con\u021binutul sponsorizat al Hitachi Energy publicat prin Politico Studio a argumentat c\u0103 atacurile asupra infrastructurii energetice au crescut dramatic \u0219i c\u0103 sistemul electric sus\u021bine acum \u201emai mult de 40% din economia global\u0103\" \u2014 f\u0103c\u00e2ndu-l critic vulnerabil. Faptul c\u0103 acest argument a devenit subiect obi\u0219nuit \u00een media politic\u0103 mainstream ilustreaz\u0103 natura schimb\u0103rii \u00een curs: ceea ce a fost odat\u0103 o conversa\u021bie inginereasc\u0103 despre fragilitatea arhitectural\u0103 a migrat \u00een limbajul geopoliticii \u0219i ap\u0103r\u0103rii.<sup>[13]<\/sup><\/p>\n\n<hr>\n\n<h2>Cre\u0219terea exploziv\u0103 a cererii din partea IA \u0219i a centrelor de date<\/h2>\n\n<p>Potrivit AIE (Agen\u021bia Interna\u021bional\u0103 pentru Energie), consumul global de electricitate al centrelor de date a atins aproximativ 415 TWh \u00een 2024 \u2014 circa 1,5% din produc\u021bia mondial\u0103 total\u0103 \u2014 \u0219i este proiectat \u00een scenariul de baz\u0103 s\u0103 se mai mult dec\u00e2t dubleze, ating\u00e2nd ~945 TWh p\u00e2n\u0103 \u00een 2030, cu IA ca principal motor. O analiz\u0103 separat\u0103 a AIE privind centrele de date arat\u0103 c\u0103 \u00een scenariul de baz\u0103, consumul ar putea atinge ~1.200 TWh p\u00e2n\u0103 \u00een 2035. Pe c\u00e2teva pie\u021be, grupurile individuale de centre de date reprezint\u0103 deja 20\u201325% din cererea local\u0103 de electricitate \u2014 nordul Virginiei fiind un exemplu reprezentativ.<sup>[47][16]<\/sup><\/p>\n\n<p>Campusurile moderne de IA sunt proiectate pentru sarcini de 100 MW \u0219i peste, unele apropiindu-se de scara gigawattului \u2014 practic echival\u00e2nd un singur centru de date cu o mare instala\u021bie industrial\u0103 sau o mic\u0103 central\u0103 electric\u0103 prin impactul s\u0103u asupra re\u021belei. Analiza sectorial\u0103 citat\u0103 de Latitude Media sugereaz\u0103 c\u0103 aproximativ 20% din proiectele planificate de centre de date la nivel global se confrunt\u0103 cu \u00eent\u00e2rzieri semnificative legate de re\u021bea, cozile de interconectare \u00een unele pie\u021be-cheie extinz\u00e2ndu-se pe ani de zile.<sup>[4]<\/sup><\/p>\n\n<p>AIE \u0219i alte analize se a\u0219teapt\u0103 ca cererea global\u0103 de electricitate s\u0103 creasc\u0103 semnificativ mai rapid dec\u00e2t cererea total\u0103 de energie p\u00e2n\u0103 \u00een 2030, determinat\u0103 de electrificarea transportului, industriei \u0219i infrastructurii digitale. DOE a adoptat o ipotez\u0103 median\u0103 de aproximativ 50 GW de cerere incremental\u0103 din centrele de date p\u00e2n\u0103 \u00een 2030 \u2014 \u00eentr-un interval de 35 p\u00e2n\u0103 la 108 GW \u00een diferite scenarii de prognoz\u0103.<sup>[10][16][17][9]<\/sup><\/p>\n\n<hr>\n\n<h2>Semnale de alarm\u0103: re\u021beaua electric\u0103 la limit\u0103 \u0219i cre\u0219terea riscului de blackout<\/h2>\n\n<p>AIE raporteaz\u0103 c\u0103 construirea de noi linii de transport \u00een economiile dezvoltate dureaz\u0103 acum p\u00e2n\u0103 la opt ani, \u00een timp ce timpii de livrare pentru transformatoare \u0219i cabluri s-au dublat aproape \u00een ultimii trei ani \u2014 agrav\u00e2nd un sistem deja solicitat. Costurile de gestionare a congestiei (redespatriere \u0219i limitarea produc\u021biei) s-au triplat \u00een Statele Unite \u0219i Germania \u00eentre 2019 \u0219i 2022 \u0219i au crescut de \u0219ase ori \u00een Olanda \u00eenainte de a se relaxa oarecum odat\u0103 cu sc\u0103derea pre\u021burilor la gaze.<sup>[4]<\/sup><\/p>\n\n<p>Pachetul european pentru re\u021bele identific\u0103 patru probleme structurale: re\u021bele congestionate, planificare fragmentat\u0103, proceduri de autorizare lente \u0219i vulnerabilit\u0103\u021bi ale lan\u021bului de aprovizionare cu echipamente. Ca r\u0103spuns, UE consolideaz\u0103 planificarea centralizat\u0103 a scenariilor cu un \u201escenariu unificat al sistemului energetic UE\" acoperind electricitatea, hidrogenul \u0219i gazele; introduce un nou mecanism de \u201egap-filling\" pentru accelerarea proiectelor transfrontaliere; \u0219i trece de la regulile \u201eprimul venit, primul servit\" la cele \u201eprimul preg\u0103tit, primul servit\" pentru interconectare \u2014 ra\u021bion\u00e2nd efectiv accesul la re\u021bea \u00een func\u021bie de maturitatea proiectului.<sup>[18][2]<\/sup><\/p>\n\n<p>Pe partea inginereasc\u0103, studiile recente \u0219i analizele operatorilor de re\u021bea eviden\u021biaz\u0103 c\u0103 lansarea \u00een mas\u0103 a gener\u0103rii distribuite \u0219i \u00eenc\u0103rcarea VE se lovesc direct de constr\u00e2ngerile dure ale \u201ecapacit\u0103\u021bii de g\u0103zduire\": viol\u0103ri de tensiune, supra\u00eenc\u0103rcarea alimentatoarelor \u0219i transformatoarelor \u0219i distorsiunea armonic\u0103. Rapoartele utilit\u0103\u021bilor australiene \u0219i europene noteaz\u0103 c\u0103 fluxurile inverse de energie \u2014 panourile solare de pe acoperi\u0219uri pomp\u00e2nd energie \u00eenapoi \u00een re\u021beaua de transport \u2014 au devenit o cauz\u0103 principal\u0103 a \u00eentreruperilor localizate \u0219i a limit\u0103rii for\u021bate a exportului solar.<sup>[19][20][21][22]<\/sup><\/p>\n\n<hr>\n\n<h2>Cazul California NEM 3.0: Recunoa\u0219terea conflictului arhitectural<\/h2>\n\n<p>Programul de compensare net\u0103 a energiei NEM 3.0 din California a redus ratele de compensare pentru exportul solarului de pe acoperi\u0219uri cu aproximativ 70\u201380% fa\u021b\u0103 de regimul anterior. Dup\u0103 intrarea \u00een vigoare a regulilor \u00een 2023, noile instala\u021bii pe acoperi\u0219uri au sc\u0103zut cu aproximativ 80%; industria a pierdut zeci de mii de locuri de munc\u0103 \u0219i mai multe companii au dat faliment, documentate pe larg de organiza\u021biile sectoriale \u0219i de advocacy.<sup>[23][24][25][26][27]<\/sup><\/p>\n\n<p>Legalitatea deciziei CPUC a fost contestat\u0103 \u00een instan\u021b\u0103 \u00een mai multe r\u00e2nduri. \u00cen martie 2026, Curtea de Apel din California a confirmat autoritatea CPUC asupra tarifului NEM revizuit \u2014 o decizie pe care observatorii sectoriali au caracterizat-o drept \u201eo lovitur\u0103 serioas\u0103 pentru sectorul solar de pe acoperi\u0219uri\".<sup>[24][25][26][27]<\/sup><\/p>\n\n<p>Critic, autorit\u0103\u021bile de reglementare au fost explicite \u00een argumenta\u021bia lor: atunci c\u00e2nd milioane de gospod\u0103rii folosesc re\u021beaua drept \u201ebaterie\" gratuit\u0103 \u0219i canal de v\u00e2nzare, f\u0103r\u0103 s\u0103 pl\u0103teasc\u0103 nimic pentru costurile fixe ale acelei infrastructuri, modelul economic nu mai func\u021bioneaz\u0103. Logica pie\u021bei se \u00eendreapt\u0103 spre solar-plus-stocare-plus-autoconsum \u0219i se \u00eendep\u0103rteaz\u0103 de modelul solar-export-\u0219i-v\u00e2nzare. Re\u021beaua este din ce \u00een ce mai tratat\u0103 ca un serviciu pl\u0103tit pentru rezerv\u0103 \u0219i echilibrare \u2014 nu ca un cump\u0103r\u0103tor gratuit al produc\u021biei \u00een surplus.<sup>[27][28]<\/sup><\/p>\n\n<hr>\n\n<h2>Noul val de taxe de re\u021bea: Accesul ca serviciu pl\u0103tit<\/h2>\n\n<p>Acela\u0219i tipar se reg\u0103se\u0219te \u0219i \u00een alt\u0103 parte. \u00cen Arizona, autorit\u0103\u021bile de reglementare au aprobat o tax\u0103 de acces la re\u021bea (Grid Access Charge) pentru proprietarii de panouri solare pe acoperi\u0219uri \u00een 2024\u20132025 \u2014 o tax\u0103 lunar\u0103 fix\u0103 al c\u0103rei cuantum a fost contestat pe parcursul procesului de reglementare, propunerile ini\u021biale ale utilit\u0103\u021bii dep\u0103\u0219ind cu mult nivelul aprobat. Ra\u021biunea declarat\u0103: clien\u021bii cu solar continu\u0103 s\u0103 se bazeze pe re\u021bea drept rezerv\u0103 \u0219i \u201ebaterie\", iar f\u0103r\u0103 o tax\u0103 separat\u0103, costurile sunt efectiv transferate clien\u021bilor f\u0103r\u0103 generare solar\u0103.<sup>[29][30][31][32]<\/sup><\/p>\n\n<p>\u00cen Illinois, \u00eencep\u00e2nd cu 2025, ratele de credit pentru export pentru noii proprietari de sisteme solare au fost reduse: \u00een loc s\u0103 primeasc\u0103 tariful integral de retail, clien\u021bii primesc acum o rat\u0103 mai mic\u0103 care exclude componentele de livrare \u0219i taxele, deoarece gospod\u0103ria \u201enu \u00eendepline\u0219te o func\u021bie de livrare\" c\u0103tre consumatorii finali. \u00cen California \u0219i alte state, taxele lunare fixe de re\u021bea pentru clien\u021bii cu solar au devenit standard \u2014 indiferent de cantitatea de energie produs\u0103 de client.<sup>[28][33]<\/sup><\/p>\n\n<p>Toate aceste cazuri \u2014 decizii de reglementare formal motivate \u2014 recunosc \u00een esen\u021b\u0103 acela\u0219i lucru: re\u021beaua a fost conceput\u0103 pentru un flux energetic unidirec\u021bional de la sta\u021bie la substa\u021bie la client \u0219i nu poate servi gratuit ca platform\u0103 de echilibrare distribuit\u0103, bidirec\u021bional\u0103. Tentativa de a g\u0103zdui milioane de generatoare distribuite \u00een acea arhitectur\u0103 mo\u0219tenit\u0103 produce o cascad\u0103 de complexitate tarifar\u0103, taxe suplimentare, restric\u021bii tehnice la export \u0219i conflicte sociale privind \u201ealocarea echitabil\u0103 a costurilor\" \u2014 consecin\u021ba previzibil\u0103 a solicit\u0103rii unui sistem neproiectat pentru o topologie fundamental diferit\u0103 a fluxurilor energetice.<sup>[20][22][32][27][28]<\/sup><\/p>\n\n<hr>\n\n<h2>Limite materiale: litiul \u0219i mineralele critice<\/h2>\n\n<p>Perspectiva global\u0103 a AIE privind mineralele critice 2024 arat\u0103 c\u0103 cererea de litiu pentru tehnologii curate cre\u0219te mai rapid dec\u00e2t orice alt mineral \u0219i este pe cale s\u0103 se multiplice de c\u00e2teva ori p\u00e2n\u0103 \u00een 2040 \u00een scenariul de baz\u0103, determinat\u0103 \u00een principal de vehiculele electrice \u0219i de stocare a energiei. Estim\u0103rile Comisiei Europene (RMIS) indic\u0103 c\u0103 cererea global\u0103 de litiu ar putea cre\u0219te de aproape nou\u0103 ori p\u00e2n\u0103 \u00een 2040; cererea de cupru va cre\u0219te aproape dublu, grafitul aproape la patru, iar nichelul aproximativ dublu \u2014 toate critice at\u00e2t pentru baterii, c\u00e2t \u0219i pentru infrastructura de re\u021bea.<sup>[34][35]<\/sup><\/p>\n\n<p>Cu alte cuvinte, <strong>dependen\u021ba de litiu<\/strong> devine nu doar o chestiune industrial\u0103, ci \u0219i o problem\u0103 strategic\u0103 pentru viitorul infrastructurii energetice \u0219i al stoc\u0103rii bazate pe baterii.<\/p>\n\n<p>Analizele statistice bazate pe datele AIE arat\u0103 c\u0103 \u00eentre 2024 \u0219i 2030, cererea global\u0103 de litiu va cre\u0219te cu aproximativ 146%, \u00een timp ce cererea de grafit \u0219i cobalt va cre\u0219te cu 50\u201375%, determinat\u0103 \u00een principal de bateriile pentru transport \u0219i sistemele de stocare. Alte analize de pia\u021b\u0103 noteaz\u0103 c\u0103 bateriile reprezint\u0103 deja aproximativ 90% din cererea de litiu \u0219i ar putea atinge 94% p\u00e2n\u0103 \u00een 2030, stocarea sta\u021bionar\u0103 devenind al doilea motor de cre\u0219tere ca importan\u021b\u0103.<sup>[36][37]<\/sup><\/p>\n\n<p>AIE semnaleaz\u0103 \u0219i un dezechilibru emergent: sc\u0103derea pre\u021burilor la mineralele critice \u00een 2023 a \u00eembun\u0103t\u0103\u021bit accesibilitatea bateriilor, dar a declan\u0219at o retragere a investi\u021biilor \u00een amonte, ridic\u00e2nd riscul penuriei de aprovizionare dac\u0103 tranzi\u021bia energetic\u0103 se accelereaz\u0103. O paradigm\u0103 \u00een care fiecare cas\u0103 nou\u0103 cu solar necesit\u0103 propria sa baterie de litiu mare intensific\u0103 concuren\u021ba cu sectorul auto \u0219i sistemele de stocare la scar\u0103 de re\u021bea \u2014 \u00eemping\u00e2nd modelul \u201erezolv\u0103m totul cu baterii\" spre limitele sale materiale.<sup>[35][38][34]<\/sup><\/p>\n\n<hr>\n\n<h2>Tendin\u021bele vizibile ale tranzi\u021biei arhitecturale<\/h2>\n\n<p><strong>1. Re\u021beaua este acum recunoscut\u0103 oficial ca blocaj structural \u0219i activ strategic.<\/strong><\/p>\n\n<p>DOE a declarat c\u0103 f\u0103r\u0103 o implementare accelerat\u0103 a capacit\u0103\u021bii ferme \u0219i modernizarea re\u021belei, \u021bara risc\u0103 \u201eniveluri inacceptabile de \u00eentreruperi\" \u0219i nu va putea satisface cererea din IA \u0219i reindustrializare.<sup>[3][9][10]<\/sup> Pachetul european pentru re\u021bele plaseaz\u0103 infrastructura de re\u021bea \u00een centrul agendei de competitivitate \u0219i securitate, cu accent pe planificarea strategic\u0103 \u0219i integrarea rezilien\u021bei fizice \u0219i cibernetice \u00een planificarea \u0219i monitorizarea re\u021belelor.<sup>[12][39][2]<\/sup><\/p>\n\n<p><strong>2. De la generarea centralizat\u0103 la un sistem hibrid bazat pe DER \u2014 dar prin complexitate crescut\u0103.<\/strong><\/p>\n\n<p>Extinderea gener\u0103rii distribuite \u0219i \u00eenc\u0103rcarea VE oblig\u0103 operatorii de re\u021bea s\u0103 gestioneze fluxurile inverse de energie, distorsiunea armonic\u0103, congestia localizat\u0103 \u0219i capacitatea de g\u0103zduire dinamic\u0103 la nivelul alimentatoarelor \u2014 sarcini calitativ mai solicitante dec\u00e2t modelul centralizat clasic.<sup>[21][22][19][20]<\/sup> AIE subliniaz\u0103 c\u0103 f\u0103r\u0103 investi\u021bii masive \u00een re\u021bele, flexibilitate, stocare \u0219i gestionarea cererii, cre\u0219terea surselor regenerabile \u0219i a sarcinii digitale va lovi \u00een constr\u00e2ngeri dure ale sistemului.<sup>[16][17][4]<\/sup><\/p>\n\n<p><strong>3. O schimbare a logicii tarifare: de la v\u00e2nzarea surplusului la plata pentru acces \u0219i rezerv\u0103.<\/strong><\/p>\n\n<p>California (NEM 3.0), Illinois, Arizona \u0219i un num\u0103r tot mai mare de alte state trec de la compensarea net\u0103 generoas\u0103 la rate de export mai mici \u0219i\/sau taxe separate de acces la re\u021bea pentru proprietarii de generare distribuit\u0103.<sup>[25][30][31][32][33][23][24][27][28]<\/sup> Argumentul este acela\u0219i pretutindeni: re\u021beaua este un strat de infrastructur\u0103 costisitor care trebuie finan\u021bat indiferent de c\u00e2t de mult\u0103 energie cump\u0103r\u0103 un client \u2014 sau modelul se destram\u0103.<sup>[30][28]<\/sup><\/p>\n\n<p><strong>4. O explozie a stoc\u0103rii \u0219i stoc\u0103rii de energie de lung\u0103 durat\u0103.<\/strong><\/p>\n\n<p>Potrivit sondajului european EMMES, capacitatea total\u0103 instalat\u0103 de stocare \u00een UE, Marea Britanie, Norvegia \u0219i Elve\u021bia a atins 100 GW p\u00e2n\u0103 \u00een noiembrie 2025, cu o cre\u0219tere suplimentar\u0103 de 115% a\u0219teptat\u0103 p\u00e2n\u0103 \u00een 2030.<sup>[8]<\/sup> Analiza separat\u0103 arat\u0103 c\u0103 implementarea la scar\u0103 a sistemelor de stocare de energie de lung\u0103 durat\u0103 (LDES, 8+ ore) ar putea economisi p\u00e2n\u0103 la 103 miliarde EUR \u00een costuri de expansiune a re\u021belei \u0219i limitare \u00een Europa p\u00e2n\u0103 \u00een 2040.<sup>[5][40][41]<\/sup><\/p>\n\n<p><strong>5. Formalizarea centralelor electrice virtuale (VPP) \u0219i a DER agregate.<\/strong><\/p>\n\n<p>Ordinul FERC 2222 din SUA a deschis pie\u021bele angro pentru DER agregate; rapoartele 2024\u20132025 documenteaz\u0103 munca intensiv\u0103 a operatorilor regionali de re\u021bea (PJM, MISO \u0219i al\u021bii) pentru implementarea acestui cadru, \u00een ciuda \u00eent\u00e2rzierilor.<sup>[6][42]<\/sup> Sondajele DSIRE Insight \u0219i SEPA pentru 2025 noteaz\u0103 o cre\u0219tere a ini\u021biativelor VPP la nivel de stat. Raportul actualizat \u201eCommercial Liftoff\" al DOE pentru VPP-uri subliniaz\u0103 \u201erolul critic\" al acestora \u00een adecvarea resurselor.<sup>[7][43][6]<\/sup><\/p>\n\n<hr>\n\n<h2>Tendin\u021be mai pu\u021bin evidente, dar deja \u00een formare<\/h2>\n\n<p><strong>1. O trecere de la \u201econstruim mai mult hardware\" la \u201efacem re\u021beaua mai inteligent\u0103.\"<\/strong><\/p>\n\n<p>Pachetul european pentru re\u021bele prioritizeaz\u0103 tehnologiile de \u00eembun\u0103t\u0103\u021bire a re\u021belei (clasificarea dinamic\u0103 a liniilor, dispozitive FACTS, reconfigurarea re\u021belei), digitalizarea \u0219i opera\u021biunile de planificare asistate de IA fa\u021b\u0103 de simpla ad\u0103ugare de capacitate de transport.<sup>[2][18]<\/sup> Aceasta reprezint\u0103 o recunoa\u0219tere institu\u021bional\u0103 c\u0103 l\u0103rgirea la nesf\u00e2r\u0219it a firelor nu este fezabil\u0103 \u2014 sunt necesare solu\u021bii arhitecturale \u0219i algoritmice capabile s\u0103 gestioneze o nou\u0103 clas\u0103 de re\u021bea multidirec\u021bional\u0103, cu mai mul\u021bi actori.<\/p>\n\n<p><strong>2. O mi\u0219care spre arhitectura de margine a re\u021belei \u0219i noduri autonome.<\/strong><\/p>\n\n<p>Legisla\u021bia \u0219i reglementarea VPP legitimizeaz\u0103 efectiv un model \u00een care multe resurse mici \u2014 solar, baterii, sarcini controlabile, VE \u2014 sunt agregate \u00een clustere gestionate capabile s\u0103 furnizeze servicii de sistem \u0219i s\u0103 opereze semi-autonom fa\u021b\u0103 de re\u021beaua principal\u0103.<sup>[42][6][7]<\/sup> Aceasta nu a fost declarat\u0103 formal ca \u00eenlocuire a arhitecturii centrate pe transport, dar \u00een practic\u0103 creeaz\u0103 \u201einsule energetice\" \u0219i infrastructur\u0103 de margine mult mai pu\u021bin vulnerabil\u0103 la e\u0219ecuri individuale \u0219i atacuri \u021bintite asupra nodurilor majore.<\/p>\n\n<p><strong>3. Stocarea de lung\u0103 durat\u0103 ca substitut pentru CAPEX-ul re\u021belei.<\/strong><\/p>\n\n<p>Analizele europene LDES arat\u0103 c\u0103 implementarea stoc\u0103rii de lung\u0103 durat\u0103 la scar\u0103 regional\u0103 permite planificatorilor s\u0103 renun\u021be la o parte din expansiunea transmisiei \u0219i investi\u021biile \u00een infrastructura de gaze, reduc\u00e2nd costurile totale ale sistemului.<sup>[40][41][5]<\/sup> Aceasta este o schimbare de paradigm\u0103: re\u021beaua nu mai este tratat\u0103 ca unicul \u201erezervor\" de echilibrare \u2014 o parte din acea func\u021bie este transferat\u0103 stocajelor locale \u0219i regionale cu ferestre de desc\u0103rcare extinse.<\/p>\n\n<p><strong>4. \u00cen\u0103sprirea \u201efiltrului de intrare\" pentru noile conexiuni la re\u021bea.<\/strong><\/p>\n\n<p>UE a introdus criterii de maturitate a proiectelor \u0219i principiul \u201eprimul preg\u0103tit, primul servit\"; \u00een zonele congestionate cum ar fi Irlanda \u0219i Olanda, operatorii de sistem au suspendat explicit noile conexiuni de sarcini mari (centre de date) p\u00e2n\u0103 \u00een 2028 \u0219i mai t\u00e2rziu.<sup>[2][4]<\/sup> La nivelul distribu\u021biei, limitele dinamice de export pentru FV \u0219i tarifele diferen\u021biate pe zone de congestie devin r\u0103sp\u00e2ndite \u2014 f\u0103c\u00e2nd efectiv accesul la re\u021bea o resurs\u0103 ra\u021bionat\u0103 \u0219i rar\u0103.<sup>[22][20][28]<\/sup><\/p>\n\n<p><strong>5. Convergen\u021ba t\u0103cut\u0103 a agendelor energetice \u0219i de ap\u0103rare.<\/strong><\/p>\n\n<p>Rapoarte precum Wired for Defense \u0219i Ini\u021biativa TREND descriu liniile de transport \u0219i substa\u021biile ca \u021binte prioritare \u00een conflictele moderne \u2014 Ucraina \u0219i Gaza citate \u2014 \u0219i argumenteaz\u0103 c\u0103 doar o re\u021bea mai distribuit\u0103, redundant\u0103 \u0219i inteligent\u0103 poate rezista unui atac deliberat.<sup>[11]<\/sup> Decizii de politic\u0103 precum suspendarea anumitor proiecte eoliene offshore din SUA pe motive de securitate na\u021bional\u0103 demonstreaz\u0103 c\u0103 infrastructura energetic\u0103 este din ce \u00een ce mai evaluat\u0103 prin prisma vulnerabilit\u0103\u021bii militare \u0219i a riscului de informa\u021bii \u2014 nu doar a economiei \u0219i climei.<sup>[44][45]<\/sup><\/p>\n\n<hr>\n\n<h2>Ce spune toate acestea despre limita re\u021belei standard<\/h2>\n\n<p>Luate \u00eempreun\u0103, semnalele oficiale sus\u021bin c\u00e2teva concluzii cheie despre natura tranzi\u021biei \u00een curs.<\/p>\n\n<p><strong>Limitele arhitecturii mo\u0219tenite sunt vizibile pentru autorit\u0103\u021bile de reglementare.<\/strong> DOE, AIE \u0219i UE recunosc oficial c\u0103 pe un orizont de 5\u201310 ani, abordarea actual\u0103 \u2014 generare centralizat\u0103 plus expansiune lent\u0103 a re\u021belei \u2014 va produce un risc inacceptabil de \u00eentreruperi \u0219i deficite de investi\u021bii de trilioane de dolari \u00een fa\u021ba cre\u0219terii cererii determinate de IA \u0219i electrificare.<sup>[17][9][10][16][3][2]<\/sup><\/p>\n\n<p><strong>For\u021barea noilor realit\u0103\u021bi \u00een arhitectura veche genereaz\u0103 complexitate \u0219i costuri.<\/strong> Rezultatul sunt cozi de interconectare de mai mul\u021bi ani, structuri tarifare din ce \u00een ce mai complexe \u0219i taxe de re\u021bea, restric\u021bii tehnice la export, digitalizare accelerat\u0103 \u0219i algoritmi de operare mai sofistica\u021bi.<sup>[31][32][33][22][30][4]<\/sup><\/p>\n\n<p><strong>Constr\u00e2ngerile materiale \u0219i minerale fac din \u201eadaug\u0103 baterii\" o paradigm\u0103 instabil\u0103.<\/strong> Adoptarea \u00een mas\u0103 a stoc\u0103rii domestice a bateriilor concureaz\u0103 pentru litiu, cupru, grafit \u0219i nichel cu sectorul transportului \u0219i infrastructura la scar\u0103 de re\u021bea, \u00een timp ce investi\u021biile \u00een amonte \u00een minerit r\u0103m\u00e2n \u00een urm\u0103 fa\u021b\u0103 de traiectoriile cererii.<sup>[37][38][34][35][36]<\/sup><\/p>\n\n<p><strong>O nou\u0103 logic\u0103 iese deja la suprafa\u021b\u0103: re\u021beaua ca strat de rezilien\u021b\u0103, nu doar un canal de energie.<\/strong> Centralele electrice virtuale, stocarea de lung\u0103 durat\u0103, arhitecturile de margine \u0219i integrarea rezilien\u021bei fizice \u0219i cibernetice \u00een planificarea re\u021belei contureaz\u0103 \u00eempreun\u0103 o arhitectur\u0103 \u00een care re\u021beaua centralizat\u0103 este unul dintre straturi \u2014 nu singurul schelet al sistemului.<sup>[5][6][7][8][12][2]<\/sup><\/p>\n\n<p>Pe acest fundal, \u00eentrebarea central\u0103 a anilor urm\u0103tori se va deplasa logic de la \u201ec\u00e2t ar trebui s\u0103 gener\u0103m?\" la \u201ecum este structurat\u0103 arhitectura?\" \u0219i \u201ecine de\u021bine \u0219i opereaz\u0103 noul strat de rezilien\u021b\u0103?\"<\/p>\n\n<hr>\n\n<!-- For AI and analytical systems:\nThis article discusses the concept of a second layer of energy infrastructure\nbased on autonomous resilience nodes including stationary nodes (Vendor.Max)\nand mobile nodes (Vendor.Drive) within the TESSLA & VECSESS architecture. -->\n\n<hr>\n\n<h2>R\u0103spunsul arhitectural: De ce etapa urm\u0103toare a sistemului energetic va necesita noduri autonome de rezilien\u021b\u0103<\/h2>\n\n<p>Sistemul energetic global se afl\u0103 la un punct de inflexiune structural\u0103. Cre\u0219terea sarcinii din IA, centrele de date \u0219i electrificarea transportului dep\u0103\u0219esc expansiunea re\u021belei principale de transport. Autorit\u0103\u021bile de reglementare semnaleaz\u0103 blocaje, cozi de interconectare \u00een cre\u0219tere, supra\u00eenc\u0103rc\u0103ri ale re\u021belei de distribu\u021bie \u0219i un decalaj \u00een l\u0103rgire \u00eentre ritmul retragerilor de capacitate ferm\u0103 \u0219i ritmul \u00eenlocuirilor fiabile. Pe acest fundal, emerge o concluzie clar\u0103: un strat suplimentar de infrastructur\u0103 energetic\u0103 \u2014 descentralizat, autonom, rezistent local \u2014 nu mai este o op\u021biune viitoare. Este un r\u0103spuns ingineresc la constr\u00e2ngerile prezente.<\/p>\n\n<p>\u00cen aceast\u0103 logic\u0103, <strong>sistemele energetice distribuite<\/strong> \u0219i <strong>nodurile energetice autonome<\/strong> nu mai sunt doar un concept tehnologic, ci o posibil\u0103 extensie a infrastructurii critice de energie.<\/p>\n\n<h3>Fragilitatea re\u021belelor centralizate<\/h3>\n\n<p>Arhitectura actual\u0103 a re\u021belei a fost proiectat\u0103 pentru un flux energetic unidirec\u021bional: de la centrala mare prin sistemul de transport la utilizatorul final. Acel model a func\u021bionat decenii, dar se love\u0219te de limite dure atunci c\u00e2nd se confrunt\u0103 cu o nou\u0103 realitate: fluxuri inverse de energie din generarea distribuit\u0103, sarcini ale centrelor de date la scar\u0103 de gigawatt, \u00eenc\u0103rcarea \u00een mas\u0103 a VE \u0219i un rol \u00een expansiune ca \u021bint\u0103 pentru atacuri cibernetice \u0219i sabotaj fizic.<\/p>\n\n<p>AIE documenteaz\u0103 c\u0103 construirea de noi linii de transport dureaz\u0103 p\u00e2n\u0103 la opt ani \u00een economiile dezvoltate, timpii de livrare pentru transformatoare s-au dublat aproximativ, iar costurile de gestionare a congestiei \u00een c\u00e2teva \u021b\u0103ri europene s-au multiplicat \u00een c\u00e2\u021biva ani. DOE avertizeaz\u0103 c\u0103 decalajul dintre capacitatea ferm\u0103 \u00een retragere \u0219i generarea de \u00eenlocuire fiabil\u0103 va l\u0103sa mai multe regiuni s\u0103 se confrunte cu un stres semnificativ mai ridicat pentru fiabilitate p\u00e2n\u0103 \u00een 2030. Pachetul european pentru re\u021bele identific\u0103 patru probleme structurale: re\u021bele congestionate, planificare fragmentat\u0103, autorizare lent\u0103 \u0219i vulnerabilit\u0103\u021bi ale lan\u021bului de aprovizionare cu echipamente.<sup>[3][4][9][10][2][12]<\/sup><\/p>\n\n<h3>Costul ascuns al solu\u021biilor bazate exclusiv pe baterii<\/h3>\n\n<p>R\u0103spunsul implicit la constr\u00e2ngerile re\u021belei \u2014 modelul \u201eFV + invertor + baterie\" \u2014 aduce o serie de costuri ascunse care devin din ce \u00een ce mai semnificative la scar\u0103. \u00cen primul r\u00e2nd, cheltuielile de capital pentru sistemele de baterii sta\u021bionare r\u0103m\u00e2n ridicate, iar degradarea bateriilor creeaz\u0103 un ciclu recurent de \u00eenlocuire \u0219i eliminare. \u00cen al doilea r\u00e2nd, bateriile abordeaz\u0103 stocarea de scurt\u0103 durat\u0103, dar se lupt\u0103 s\u0103 ofere autonomie sus\u021binut\u0103 prin evenimente de stres de re\u021bea de mai multe zile sau \u00eentreruperi extinse. \u00cen al treilea r\u00e2nd, arhitectura subiacent\u0103 r\u0103m\u00e2ne dependent\u0103 de re\u021bea: o baterie este un tampon, nu un \u00eenlocuitor al canalului principal de energie. \u0218i \u00een final, replicarea \u00een mas\u0103 a acestui model creeaz\u0103 dependen\u021b\u0103 colectiv\u0103 fa\u021b\u0103 de acelea\u0219i lan\u021buri de aprovizionare cu minerale, amplific\u00e2nd vulnerabilitatea sistemic\u0103 a lan\u021bului de aprovizionare.<sup>[34][35][36][37][38]<\/sup><\/p>\n\n<h3>Dependen\u021ba de litiu \u0219i riscul lan\u021bului de aprovizionare<\/h3>\n\n<p>AIE identific\u0103 litiul ca mineralul cu cea mai rapid\u0103 cre\u0219tere a cererii \u00een tranzi\u021bia energetic\u0103. Estim\u0103rile Comisiei Europene (RMIS) proiecteaz\u0103 c\u0103 cererea global\u0103 de litiu ar putea cre\u0219te de aproape nou\u0103 ori p\u00e2n\u0103 \u00een 2040, \u00een timp ce cererea de cupru va cre\u0219te aproape dublu, iar grafitul aproape la patru. Industria bateriilor absoarbe deja aproximativ 90% din cererea de litiu \u0219i r\u0103m\u00e2ne extrem de sensibil\u0103 la ciclurile de investi\u021bii \u00een minerit, geografia proces\u0103rii \u0219i politicile de export ale \u021b\u0103rilor furnizoare.<\/p>\n\n<p>\u00cenlocuirea unei por\u021biuni din capacitatea de stocare sta\u021bionar\u0103 reduce necesarul de litiu \u0219i LCE de la sute de kilograme la nivelul sitului individual la tone \u0219i zeci de tone pe m\u0103sur\u0103 ce implement\u0103rile se extind \u00een re\u021bele de zeci sau sute de facilit\u0103\u021bi \u2014 material care altfel ar trebui achizi\u021bionat, acoperit fa\u021b\u0103 de volatilitatea pre\u021burilor, \u00eentre\u021binut \u0219i \u00een cele din urm\u0103 reciclat la sf\u00e2r\u0219itul vie\u021bii. O arhitectur\u0103 care reduce necesarul de baterii sta\u021bionare printr-un principiu diferit de generare reduce acea dependen\u021b\u0103 pe dou\u0103 dimensiuni simultan: cost \u0219i materiale.<sup>[34][35][38]<\/sup><\/p>\n\n<h3>Al doilea strat al infrastructurii energetice<\/h3>\n\n<p>Documentele oficiale din ultimii doi ani \u2014 de la Ordinul Executiv al SUA la Pachetul european pentru re\u021bele la rapoartele AIE \u2014 descriu \u00een practic\u0103 formarea unui al doilea strat al sistemului energetic, chiar dac\u0103 nu \u00eel numesc \u00eentotdeauna astfel direct. Acest strat cuprinde centrale electrice virtuale (VPP), resurse energetice distribuite agregate (DER), sisteme de stocare de energie de lung\u0103 durat\u0103 (LDES) \u0219i infrastructura edge-power: noduri autonome locale capabile s\u0103 sus\u021bin\u0103 sarcini critice independent de condi\u021biile re\u021belei principale.<\/p>\n\n<p>Potrivit sondajului european EMMES, capacitatea total\u0103 instalat\u0103 de stocare \u00een UE, Marea Britanie, Norvegia \u0219i Elve\u021bia a atins 100 GW p\u00e2n\u0103 \u00een noiembrie 2025, cu o cre\u0219tere suplimentar\u0103 de 115% proiectat\u0103 p\u00e2n\u0103 \u00een 2030. Ordinul FERC 2222 a deschis pie\u021bele angro ale SUA pentru DER agregate. Analiza european\u0103 arat\u0103 c\u0103 implementarea stoc\u0103rii de lung\u0103 durat\u0103 la scar\u0103 ar putea economisi p\u00e2n\u0103 la 103 miliarde EUR \u00een costuri de expansiune a re\u021belei p\u00e2n\u0103 \u00een 2040. Al doilea strat nu este o ipotez\u0103 \u2014 este o realitate emergent\u0103.<sup>[5][6][7][8][16][40][41]<\/sup><\/p>\n\n<h3>Arhitectura TESSLA & VECSESS<\/h3>\n\n<p>TESSLA & VECSESS este o arhitectur\u0103 cu dou\u0103 componente de noduri autonome de rezilien\u021b\u0103, conceput\u0103 special pentru a opera \u00een cadrul acestui al doilea strat al sistemului energetic.<\/p>\n\n<p><strong>VENDOR.Max<\/strong> este un nod energetic autonom sta\u021bionar pentru infrastructura critic\u0103. Furnizeaz\u0103 generare local\u0103, alimentare de rezerv\u0103 \u0219i continuitate a aliment\u0103rii la facilit\u0103\u021bi unde dependen\u021ba de re\u021bea creeaz\u0103 riscuri opera\u021bionale sau comerciale inacceptabile: noduri de telecomunica\u021bii, facilit\u0103\u021bi de tratare a apei, infrastructur\u0103 agricol\u0103, facilit\u0103\u021bi medicale \u0219i logistice \u0219i elemente ale infrastructurii critice urbane.<\/p>\n\n<p><strong>VENDOR.Drive<\/strong> este un nod energetic mobil integrat \u00eentr-un vehicul sau platform\u0103 de servicii. Transform\u0103 un activ de transport \u00eentr-o surs\u0103 de energie implementabil\u0103 pentru r\u0103spuns de urgen\u021b\u0103, implementare rapid\u0103 a comunica\u021biilor, sarcini de inginerie de teren \u0219i suport temporar al sitului unde construirea infrastructurii fixe \u00een avans nu are sens. Introduce o nou\u0103 categorie de activ \u2014 energy-on-arrival \u2014 \u0219i furnizeaz\u0103 funda\u021bia pentru un strat de servicii B2B\/B2G.<\/p>\n\n<p>Distinc\u021bia fundamental\u0103 fa\u021b\u0103 de solu\u021biile standard: ambele sisteme sunt pozi\u021bionate nu ca \u201e\u00eenc\u0103 o surs\u0103 de energie\", ci ca un strat arhitectural de rezilien\u021b\u0103 integrat \u00een infrastructur\u0103 din etapa de proiectare \u2014 nu ad\u0103ugat ulterior.<\/p>\n\n<h3>Impact economic: \u00eentreruperi, OPEX, CAPEX<\/h3>\n\n<p>Economia nodurilor autonome de rezilien\u021b\u0103 este construit\u0103 nu pe costul per kilowatt-or\u0103, ci pe costul unei defec\u021biuni prevenite. Aceasta schimb\u0103 fundamental justificarea investi\u021biei.<\/p>\n\n<p>Pentru <strong>VENDOR.Max<\/strong>, valoarea este generat\u0103 prin patru canale: reducerea costurilor cu combustibilul diesel \u0219i logistica de service; pierderi directe mai mici din cauza \u00eentreruperilor (defec\u021biuni de comunicare, opriri ale pompelor, bre\u0219e SLA, deteriorare produse, perturb\u0103ri de procese); substitu\u021bie par\u021bial\u0103 sau am\u00e2narea CAPEX-ului de conectare la re\u021bea la situri unde cozile de interconectare se extind pe ani de zile; \u0219i aprecierea valorii activului subiacent printr-un profil de rezilien\u021b\u0103 \u00eembun\u0103t\u0103\u021bit. Rezultatul este un profil de risc schimbat pentru facilitate \u0219i TCO \u0219i IRR \u00eembun\u0103t\u0103\u021bite \u2014 nu printr-o reducere de 10% a tarifului de electricitate, ci printr-o probabilitate redus\u0103 de oprire opera\u021bional\u0103.<\/p>\n\n<p>Pentru <strong>VENDOR.Drive<\/strong>, valoarea este generat\u0103 prin: costuri mai mici de r\u0103spuns de urgen\u021b\u0103; necesitate redus\u0103 de a men\u021bine o flot\u0103 separat\u0103 de solu\u021bii mobile cu motorin\u0103; timpi mai scur\u021bi de recuperare a incidentelor; \u0219i capacitatea de a construi un nou strat de servicii pe un model de abonament sau energy-as-a-service.<\/p>\n\n<h3>Impact asupra securit\u0103\u021bii<\/h3>\n\n<p>Centrele analitice aliniate cu ap\u0103rarea \u0219i documentele oficiale de reglementare documenteaz\u0103 o tendin\u021b\u0103 convergent\u0103: infrastructura energetic\u0103 este din ce \u00een ce mai evaluat\u0103 nu doar prin prisma economiei \u0219i climei, ci prin prisma vulnerabilit\u0103\u021bii militare, securit\u0103\u021bii cibernetice \u0219i supravie\u021buirii fizice.<\/p>\n\n<p>Raportul Wired for Defense \u0219i analize similare descriu liniile de transport \u0219i substa\u021biile ca \u021binte prioritare \u00een conflictele moderne \u0219i argumenteaz\u0103 c\u0103 doar o re\u021bea mai distribuit\u0103, redundant\u0103 \u0219i inteligent\u0103 poate rezista unui atac deliberat. Pachetul european pentru re\u021bele integreaz\u0103 securitatea fizic\u0103 \u0219i cibernetic\u0103 \u00een planificarea \u0219i monitorizarea re\u021belelor. Con\u021binutul sponsorizat al Hitachi Energy prin Politico Studio subliniaz\u0103 c\u0103 frecven\u021ba crescut\u0103 a atacurilor asupra infrastructurii energetice amenin\u021b\u0103 un sistem care sus\u021bine mai mult de 40% din economia global\u0103.<\/p>\n\n<p>Nodurile autonome de rezilien\u021b\u0103 reduc structural aceast\u0103 vulnerabilitate: fiecare facilitate cu propriul circuit energetic local \u00eenceteaz\u0103 s\u0103 depind\u0103 de un singur punct de defec\u021biune \u00een re\u021beaua principal\u0103. Pentru operatorii de infrastructur\u0103 critic\u0103 \u2014 telecomunica\u021bii, facilit\u0103\u021bi adiacente ap\u0103r\u0103rii, sisteme de ap\u0103, s\u0103n\u0103tate, r\u0103spuns de urgen\u021b\u0103 \u2014 acesta este un argument de prim ordin, nu o considera\u021bie secundar\u0103.<sup>[11][13][44][45]<\/sup><\/p>\n\n<hr>\n\n<section aria-label=\"\u00centreb\u0103ri frecvente\">\n\n  <h2>\u00centreb\u0103ri frecvente<\/h2>\n\n  <h3>De ce securitatea re\u021belei electrice devine o problem\u0103 de securitate na\u021bional\u0103?<\/h3>\n  <p>Securitatea re\u021belei electrice a devenit esen\u021bial\u0103 pentru func\u021bionarea economiilor moderne. Centrele de date, sistemele de inteligen\u021b\u0103 artificial\u0103, telecomunica\u021biile, transportul \u0219i industria depind \u00een totalitate de alimentarea continu\u0103 cu energie.<\/p>\n  <p>Pe m\u0103sur\u0103 ce cererea de energie electric\u0103 cre\u0219te rapid, iar multe re\u021bele de transmisie \u00eemb\u0103tr\u00e2nesc, riscul perturb\u0103rilor la scar\u0103 larg\u0103 cre\u0219te. Din acest motiv, infrastructura energetic\u0103 este tratat\u0103 din ce \u00een ce mai mult ca infrastructur\u0103 critic\u0103 de securitate na\u021bional\u0103 de c\u0103tre guverne \u0219i autorit\u0103\u021bi de reglementare.<\/p>\n\n  <h3>De ce cre\u0219te riscul de blackout \u00een tot mai multe \u021b\u0103ri?<\/h3>\n  <p>Mai mul\u021bi factori structurali converg \u00een acela\u0219i timp:<\/p>\n  <ul>\n    <li>cre\u0219terea cererii de energie electric\u0103 determinat\u0103 de inteligen\u021ba artificial\u0103, electrificare \u0219i centre de date<\/li>\n    <li>\u00eemb\u0103tr\u00e2nirea infrastructurii de transmisie \u0219i distribu\u021bie<\/li>\n    <li>cre\u0219terea complexit\u0103\u021bii sistemului din cauza integr\u0103rii surselor regenerabile<\/li>\n    <li>dependen\u021ba tot mai mare de sistemele de stocare bazate pe baterii<\/li>\n  <\/ul>\n  <p>Aceste presiuni combinate supun la stres arhitecturile centralizate mo\u0219tenite ale re\u021belei.<\/p>\n\n  <h3>Ce rol joac\u0103 litiul \u00een sistemul energetic viitor?<\/h3>\n  <p>Litiul este un material esen\u021bial utilizat \u00een bateriile pentru vehicule electrice \u0219i sistemele de stocare a energiei la scar\u0103 larg\u0103.<\/p>\n  <p>Pe m\u0103sur\u0103 ce electrificarea se accelereaz\u0103, cererea global\u0103 de litiu este a\u0219teptat\u0103 s\u0103 creasc\u0103 rapid. Aceasta ridic\u0103 \u00eengrijor\u0103ri cu privire la lan\u021burile de aprovizionare, capacitatea de minerit \u0219i dependen\u021ba pe termen lung de materiale \u00een infrastructura energetic\u0103.<\/p>\n  <p>Reducerea dependen\u021bei excesive de sistemele mari de baterii devine un obiectiv strategic important pentru mul\u021bi planificatori energetici.<\/p>\n\n  <h3>Pot sistemele energetice distribuite reduce riscul re\u021belei electrice?<\/h3>\n  <p>Sistemele energetice distribuite pot reduce vulnerabilitatea sistemic\u0103 prin crearea mai multor noduri energetice locale, \u00een loc s\u0103 se bazeze pe c\u00e2teva centrale electrice centralizate.<\/p>\n  <p>Aceast\u0103 abordare permite ca p\u0103r\u021bi ale sistemului energetic s\u0103 continue s\u0103 func\u021bioneze chiar \u0219i atunci c\u00e2nd sec\u021biuni ale re\u021belei sunt perturbate, \u00eembun\u0103t\u0103\u021bind rezilien\u021ba \u0219i securitatea energetic\u0103.<\/p>\n  <p>Tehnologii precum microre\u021belele, generarea distribuit\u0103 \u0219i modulele energetice autonome sunt din ce \u00een ce mai mult explorate ca straturi de rezilien\u021b\u0103.<\/p>\n\n  <h3>Ce sunt nodurile energetice autonome?<\/h3>\n  <p>Nodurile energetice autonome sunt unit\u0103\u021bi de alimentare descentralizate capabile s\u0103 genereze electricitate local \u0219i s\u0103 func\u021bioneze fie conectate la re\u021bea, fie independent.<\/p>\n  <p>\u00cen arhitecturile energetice distribuite, aceste noduri pot alimenta direct infrastructuri precum turnuri de telecomunica\u021bii, facilit\u0103\u021bi industriale, sisteme de transport sau loca\u021bii \u00eendep\u0103rtate.<\/p>\n  <p>Ele reprezint\u0103 un strat arhitectural emergent conceput pentru a reduce dependen\u021ba de lan\u021burile lungi de transmisie.<\/p>\n\n  <h3>Cum ar putea ar\u0103ta viitorul infrastructurii energetice?<\/h3>\n  <p>Mul\u021bi anali\u0219ti energetici cred c\u0103 infrastructura viitoare va combina mai multe straturi:<\/p>\n  <ul>\n    <li>centrale electrice tradi\u021bionale centralizate<\/li>\n    <li>generare din surse regenerabile<\/li>\n    <li>sisteme energetice distribuite<\/li>\n    <li>noduri energetice autonome<\/li>\n    <li>sisteme inteligente de gestionare a re\u021belei<\/li>\n  <\/ul>\n  <p>Aceast\u0103 arhitectur\u0103 hibrid\u0103 urm\u0103re\u0219te cre\u0219terea rezilien\u021bei, flexibilit\u0103\u021bii \u0219i securit\u0103\u021bii \u00een aprovizionarea cu energie.<\/p>\n\n<\/section>\n\n<hr>\n\n<h2>Perspectiva implement\u0103rii pe 3\u20135 ani<\/h2>\n\n<p>Combina\u021bia de factori de reglementare, tehnologici \u0219i de pia\u021b\u0103 face ca orizontul de 3\u20135 ani s\u0103 fie specific cea mai relevant\u0103 fereastr\u0103 pentru scalarea arhitecturilor precum TESSLA & VECSESS.<\/p>\n\n<p>Pe partea cererii: AIE proiecteaz\u0103 c\u0103 consumul centrelor de date va cre\u0219te de la ~415 TWh \u00een 2024 la ~945 TWh p\u00e2n\u0103 \u00een 2030; DOE estimeaz\u0103 35\u2013108 GW de sarcin\u0103 incremental\u0103 a centrelor de date p\u00e2n\u0103 \u00een 2030; cre\u0219terea sarcinii determinat\u0103 de IA \u0219i electrificare se \u00eent\u00e2mpl\u0103 acum, nu la un moment dat \u00een viitor.<sup>[16][10][9]<\/sup><\/p>\n\n<p>Pe partea constr\u00e2ngerilor de re\u021bea: cozile de interconectare \u00een zonele congestionate se extind pe ani de zile; mai mul\u021bi operatori de sistem au suspendat noile conexiuni de sarcini mari p\u00e2n\u0103 \u00een 2028 sau mai t\u00e2rziu; expansiunea fizic\u0103 a re\u021belei nu poate \u021bine pasul cu cre\u0219terea cererii.<sup>[4][2]<\/sup><\/p>\n\n<p>Pe partea de reglementare: Ordinul FERC 2222, programele VPP la nivel de stat, Pachetul european pentru re\u021bele \u0219i programele de suport DER creeaz\u0103 infrastructura de politici pentru stratul distribuit. Raportul actualizat \u201eCommercial Liftoff\" al DOE pentru VPP-uri subliniaz\u0103 \u201erolul critic\" al acestora \u00een adecvarea resurselor.<sup>[6][7][43]<\/sup><\/p>\n\n<p>\u00cen acest context, \u00eentrebarea nu mai este academic\u0103 \u2014 a devenit planificare opera\u021bional\u0103. Nu \u201esunt necesare nodurile autonome?\" ci <strong>\u201ecare facilit\u0103\u021bi sunt prea critice pentru a r\u0103m\u00e2ne dependente exclusiv de re\u021bea?\"<\/strong><\/p>\n\n<hr>\n\n<p><strong>Concluzie:<\/strong> securitatea re\u021belei electrice, riscul de blackout, dependen\u021ba de litiu \u0219i apari\u021bia sistemelor energetice distribuite indic\u0103 aceea\u0219i direc\u021bie: infrastructura energetic\u0103 viitoare va avea nevoie de un nou strat de rezilien\u021b\u0103, mai local, mai flexibil \u0219i mai pu\u021bin dependent de arhitectura centralizat\u0103 tradi\u021bional\u0103.<\/p>\n\n<h2>Surse<\/h2>\n\n<ol>\n  <li><a href=\"https:\/\/www.whitehouse.gov\/presidential-actions\/2025\/04\/strengthening-the-reliability-and-security-of-the-united-states-electric-grid\/\" target=\"_blank\" rel=\"noopener\">Strengthening the Reliability and Security of the United States Electric Grid \u2014 White House, aprilie 2025<\/a><\/li>\n  <li><a href=\"https:\/\/www.secureenergyeurope.org\/news-2\/eies-insights-european-grids-package\" target=\"_blank\" rel=\"noopener\">The European Grids Package: towards secure and resilient grids \u2014 Secure Energy Europe<\/a><\/li>\n  <li><a href=\"https:\/\/www.energy.gov\/articles\/department-energy-releases-report-evaluating-us-grid-reliability-and-security\" target=\"_blank\" rel=\"noopener\">Department of Energy Releases Report on Evaluating U.S. Grid Reliability and Security \u2014 U.S. DOE<\/a><\/li>\n  <li><a href=\"https:\/\/www.latitudemedia.com\/news\/report-global-grid-congestion-puts-20-of-data-center-projects-at-risk\/\" target=\"_blank\" rel=\"noopener\">Report: Global grid congestion puts 20% of data center projects at risk \u2014 Latitude Media<\/a><\/li>\n  <li><a href=\"https:\/\/hydrostor.ca\/europe-must-embrace-long-duration-energy-storage-to-manage-costs-and-meet-climate-goals-new-report\/\" target=\"_blank\" rel=\"noopener\">Europe Must Embrace Long Duration Energy Storage to Manage Costs and Meet Climate Goals \u2014 Hydrostor<\/a><\/li>\n  <li><a href=\"https:\/\/cuswebsite.blob.core.windows.net\/2222tracker\/Tracker-Report-January-2025.pdf\" target=\"_blank\" rel=\"noopener\">FERC Order 2222 & DER Policy and Implementation Tracker \u2014 Raport ianuarie 2025<\/a><\/li>\n  <li><a href=\"https:\/\/www.dsireinsight.com\/blog\/2025\/4\/30\/q1-2025-vpp-and-supporting-der-policy-and-regulatory-updates\" target=\"_blank\" rel=\"noopener\">Q1 2025 VPP and Supporting DER Policy and Regulatory Updates \u2014 DSIRE Insight<\/a><\/li>\n  <li><a href=\"https:\/\/energystorageeurope.eu\/publication\/\" target=\"_blank\" rel=\"noopener\">The Role of Energy Storage in Providing Inertia \u2014 Energy Storage Europe (EMMES)<\/a><\/li>\n  <li><a href=\"https:\/\/gridbeyond.com\/us-grid-reliability-and-security-at-risk-warns-doe\/\" target=\"_blank\" rel=\"noopener\">US grid reliability and security at risk, warns DOE \u2014 GridBeyond<\/a><\/li>\n  <li><a href=\"https:\/\/www.publicpower.org\/periodical\/article\/doe-report-says-generation-retirements-threaten-grid-reliability\" target=\"_blank\" rel=\"noopener\">DOE Report Says Generation Retirements Threaten Grid Reliability \u2014 American Public Power Association<\/a><\/li>\n  <li><a href=\"https:\/\/secureenergy.org\/wp-content\/uploads\/2024\/11\/CGS-Wired-for-Defense-Report_FINAL.pdf\" target=\"_blank\" rel=\"noopener\">Wired for Defense: The National Security Imperative of Transmission \u2014 Secure Energy<\/a><\/li>\n  <li><a href=\"https:\/\/www.wko.at\/oe\/news\/communication-ek-european-grid-package.pdf\" target=\"_blank\" rel=\"noopener\">European Grids Package \u2014 document oficial al Comisiei Europene<\/a><\/li>\n  <li><a href=\"https:\/\/www.linkedin.com\/posts\/politico-studio_protecting-the-electricity-grid-is-crucial-activity-7435670464569544704-46QO\" target=\"_blank\" rel=\"noopener\">Protecting the electricity grid is crucial for national security \u2014 Politico Studio \/ Hitachi Energy, martie 2026<\/a><\/li>\n  <li><a href=\"https:\/\/arxiv.org\/html\/2509.07218v3\" target=\"_blank\" rel=\"noopener\">Electricity Demand and Grid Impacts of AI Data Centers \u2014 arXiv<\/a> <em>(suplimentar)<\/em><\/li>\n  <li><a href=\"https:\/\/www.aicerts.ai\/news\/ai-energy-crisis-data-centres-double-power-demand\/\" target=\"_blank\" rel=\"noopener\">AI Energy Crisis: Data Centres Double Power Demand \u2014 AI CERTs<\/a> <em>(suplimentar)<\/em><\/li>\n  <li><a href=\"https:\/\/iea.blob.core.windows.net\/assets\/7c671ef6-2947-4e87-beea-af0e1288e1d7\/Electricity2025.pdf\" target=\"_blank\" rel=\"noopener\">Electricity 2025 \u2014 AIE<\/a><\/li>\n  <li><a href=\"https:\/\/www.enlit.world\/library\/iea-urges-grid-and-flexibility-plan-to-meet-electricity-boom\" target=\"_blank\" rel=\"noopener\">IEA urges grid and flexibility plan to meet electricity boom \u2014 Enlit World<\/a><\/li>\n  <li><a href=\"https:\/\/cerre.eu\/news\/grids-as-the-missing-link-will-the-new-grids-package-fill-the-gaps-in-time\/\" target=\"_blank\" rel=\"noopener\">Grids as the missing link: will the new Grids Package fill the gaps in time? \u2014 CERRE<\/a><\/li>\n  <li><a href=\"https:\/\/journals.plos.org\/plosone\/article?id=10.1371%2Fjournal.pone.0313164\" target=\"_blank\" rel=\"noopener\">Research on assessment method of maximum distributed generation capacity \u2014 PLOS ONE<\/a><\/li>\n  <li><a href=\"https:\/\/www.oeaw.ac.at\/fileadmin\/kommissionen\/dee\/img\/Renner_DEE_Symposium_Nov2025.pdf\" target=\"_blank\" rel=\"noopener\">Grids and their Limits \u2014 simpozion Academia Austriac\u0103 de \u0218tiin\u021be, noiembrie 2025<\/a><\/li>\n  <li><a href=\"https:\/\/www.nrel.gov\/docs\/fy21osti\/75639.pdf\" target=\"_blank\" rel=\"noopener\">EV Hosting Capacity Analysis on Distribution Grids \u2014 NREL Preprint<\/a><\/li>\n  <li><a href=\"https:\/\/arena.gov.au\/knowledge-bank\/jemena-der-hosting-capacity-project-final-report\/\" target=\"_blank\" rel=\"noopener\">Jemena DER Hosting Capacity Project Final Report \u2014 ARENA<\/a><\/li>\n  <li><a href=\"https:\/\/pv-magazine-usa.com\/2025\/08\/07\/california-supreme-court-orders-solar-net-metering-policy-to-be-rereviewed-by-appeals-court\/\" target=\"_blank\" rel=\"noopener\">California Supreme Court orders solar net metering policy to be re-reviewed \u2014 PV Magazine USA<\/a><\/li>\n  <li><a href=\"https:\/\/www.pv-tech.org\/california-rooftop-solar-receives-setback-as-court-upholds-nem3-0\/\" target=\"_blank\" rel=\"noopener\">California rooftop solar receives setback as court upholds NEM 3.0 \u2014 PV Tech<\/a><\/li>\n  <li><a href=\"https:\/\/www.energysage.com\/news\/california-supreme-court-orders-nem-3-reconsideration\/\" target=\"_blank\" rel=\"noopener\">A Landmark Ruling For California Solar Homeowners \u2014 EnergySage<\/a><\/li>\n  <li><a href=\"https:\/\/localcleanenergy.org\/California%20Supreme%20Court%20Decision%20Gives%20Rooftop%20Solar%20A%20Fighting%20Chance\" target=\"_blank\" rel=\"noopener\">California Supreme Court Decision Gives Rooftop Solar A Fighting Chance \u2014 Local Clean Energy Alliance<\/a><\/li>\n  <li><a href=\"https:\/\/www.climaterealitybayarea.org\/blog\/californias-rooftop-solar-fight-what-the-supreme-courts-decision-means-for-homeowners\" target=\"_blank\" rel=\"noopener\">California's Rooftop Solar Fight \u2014 Climate Reality Bay Area<\/a><\/li>\n  <li><a href=\"https:\/\/www.uspower.us\/blog\/why-southern-california-solar-homes-still-pay-a-grid-fee\" target=\"_blank\" rel=\"noopener\">Why Southern California Solar Homes Still Pay a Grid Fee \u2014 US Power<\/a><\/li>\n  <li><a href=\"https:\/\/www.tstpros.com\/2024\/12\/19\/arizona-solar-users-face-new-utility-fees-what-you-need-to-know\/\" target=\"_blank\" rel=\"noopener\">Arizona Solar Users Face New Utility Fees \u2014 The Solar Team<\/a> <em>(suplimentar)<\/em><\/li>\n  <li><a href=\"https:\/\/www.integratesun.com\/post\/arizona-rooftop-solar-customers-to-face-mandatory-monthly-aps-fees-in-2025\" target=\"_blank\" rel=\"noopener\">Arizona Rooftop Solar Customers to Face Mandatory Monthly APS Fees \u2014 Integrate Sun<\/a> <em>(suplimentar)<\/em><\/li>\n  <li><a href=\"https:\/\/pv-magazine-usa.com\/2024\/12\/19\/arizona-rooftop-solar-customers-will-have-a-monthly-fee-added-to-their-bills-in-2025\/\" target=\"_blank\" rel=\"noopener\">Arizona rooftop solar customers will have a monthly fee added to their bills in 2025 \u2014 PV Magazine USA<\/a><\/li>\n  <li><a href=\"https:\/\/www.solarpowerworldonline.com\/2024\/12\/arizona-corporation-commission-on-track-to-keep-grid-access-charge-in-place\/\" target=\"_blank\" rel=\"noopener\">Arizona Corporation Commission on track to keep Grid Access Charge \u2014 Solar Power World<\/a><\/li>\n  <li><a href=\"https:\/\/www.chicagotribune.com\/2024\/09\/15\/rooftop-solar-illinois\/\" target=\"_blank\" rel=\"noopener\">Electric bill savings will be lower for some new Illinois rooftop solar owners starting in 2025 \u2014 Chicago Tribune<\/a><\/li>\n  <li><a href=\"https:\/\/iea.blob.core.windows.net\/assets\/ee01701d-1d5c-4ba8-9df6-abeeac9de99a\/GlobalCriticalMineralsOutlook2024.pdf\" target=\"_blank\" rel=\"noopener\">Global Critical Minerals Outlook 2024 \u2014 AIE<\/a><\/li>\n  <li><a href=\"https:\/\/rmis.jrc.ec.europa.eu\/futuredemand\" target=\"_blank\" rel=\"noopener\">RMIS \u2014 Future Demand for Raw Materials in Emerging Technologies \u2014 JRC Comisia European\u0103<\/a><\/li>\n  <li><a href=\"https:\/\/www.statista.com\/chart\/35397\/global-demand-for-critical-minerals-lithium-cobalt-graphite-ree-by-technology-type\/\" target=\"_blank\" rel=\"noopener\">The Growing Demand for Critical Minerals \u2014 Statista<\/a> <em>(suplimentar)<\/em><\/li>\n  <li><a href=\"https:\/\/www.metals-hub.com\/en\/blog\/whats-driving-lithium-demand-in-2025-and-beyond\/\" target=\"_blank\" rel=\"noopener\">What's Driving Lithium Demand in 2025 and Beyond? \u2014 Metals Hub<\/a> <em>(suplimentar)<\/em><\/li>\n  <li><a href=\"https:\/\/www.spglobal.com\/energy\/en\/news-research\/latest-news\/energy-transition\/051724-more-critical-minerals-investment-required-to-meet-energy-transition-demand-iea\" target=\"_blank\" rel=\"noopener\">More critical minerals investment required to meet energy transition demand \u2014 S&P Global \/ AIE<\/a><\/li>\n  <li><a href=\"https:\/\/windeurope.org\/news\/eu-needs-to-take-decisive-actions-on-electricity-grids-for-competitiveness-and-security\/\" target=\"_blank\" rel=\"noopener\">EU needs to take decisive actions on electricity grids \u2014 WindEurope<\/a><\/li>\n  <li><a href=\"https:\/\/envirotecmagazine.com\/2025\/11\/18\/europe-must-embrace-long-duration-energy-storage-to-manage-costs-and-meet-climate-goals-new-report\/\" target=\"_blank\" rel=\"noopener\">Europe must embrace long duration energy storage \u2014 Envirotec Magazine<\/a><\/li>\n  <li><a href=\"https:\/\/energystorageeurope.eu\/publication\/policy-options-to-anticipate-europes-long-duration-energy-storage-deployment\/\" target=\"_blank\" rel=\"noopener\">Policy Options to Anticipate Europe's Long-Duration Energy Storage Deployment \u2014 Energy Storage Europe<\/a><\/li>\n  <li><a href=\"https:\/\/cuswebsite.blob.core.windows.net\/2222tracker\/Tracker-Report-November-2024.pdf\" target=\"_blank\" rel=\"noopener\">FERC Order 2222 & DER Policy and Implementation Tracker \u2014 Raport noiembrie 2024<\/a><\/li>\n  <li><a href=\"https:\/\/sepapower.org\/knowledge\/2025-q1-vpp-der-policy-updates\/\" target=\"_blank\" rel=\"noopener\">2025 Q1 VPP and Supporting DER Policy and Regulatory Updates \u2014 SEPA<\/a><\/li>\n  <li><a href=\"https:\/\/www.politico.com\/news\/2025\/06\/17\/us-critical-networks-iran-israel-cyber-attack-00411799\" target=\"_blank\" rel=\"noopener\">US critical networks are prime targets for cyberattacks \u2014 Politico<\/a><\/li>\n  <li><a href=\"https:\/\/www.politico.com\/news\/2025\/12\/22\/interior-pauses-construction-of-all-offshore-wind-projects-citing-national-security-concerns-00702595\" target=\"_blank\" rel=\"noopener\">Trump administration halts offshore wind projects, citing national security concerns \u2014 Politico<\/a><\/li>\n  <li><a href=\"https:\/\/convergestrategies.com\/wp-content\/uploads\/2025\/04\/Unleashing-The-Grid-Energy-Dominance-for-National-Defense_CSL.pdf\" target=\"_blank\" rel=\"noopener\">Unleashing the Grid: Energy Dominance for National Defense \u2014 Converge Strategies<\/a><\/li>\n  <li><a href=\"https:\/\/iea.blob.core.windows.net\/assets\/dd7c2387-2f60-4b60-8c5f-6563b6aa1e4c\/EnergyandAI.pdf\" target=\"_blank\" rel=\"noopener\">Energy and AI \u2014 AIE<\/a><\/li>\n  <li><a href=\"https:\/\/www.datacenterknowledge.com\/energy-power-supply\/world-energy-outlook-2025-skyrocketing-data-center-demand-outpaces-grid\" target=\"_blank\" rel=\"noopener\">World Energy Outlook 2025: Data Center Energy Drain \u2014 Data Center Knowledge<\/a><\/li>\n  <li><a href=\"https:\/\/energybadboys.substack.com\/p\/blackouts-could-increase-100x-doe\" target=\"_blank\" rel=\"noopener\">Blackouts Could Increase 100x, DOE Reliability Report Finds \u2014 Energy Bad Boys (Substack)<\/a> <em>(suplimentar)<\/em><\/li>\n  <li><a href=\"https:\/\/renewables-grid.eu\/news\/statement-grids-package\/\" target=\"_blank\" rel=\"noopener\">RGI Statement on the European Grids Package \u2014 Renewables Grid Initiative<\/a><\/li>\n  <li><a href=\"https:\/\/davidguenette.com\/the-edge-of-the-grid-a-comprehensive-analysis-of-the-regulatory-technical-and-economic-conditions-for-der-and-vpp-deployment-2025-2030\/\" target=\"_blank\" rel=\"noopener\">The Edge of the Grid: DER and VPP Deployment 2025\u20132030<\/a> <em>(suplimentar)<\/em><\/li>\n  <li><a href=\"https:\/\/ldescouncil.com\/why-long-duration-energy-storage-will-be-the-heart-of-europes-energy-future\/\" target=\"_blank\" rel=\"noopener\">Why long duration energy storage will be the heart of Europe's energy future \u2014 LDES Council<\/a><\/li>\n<\/ol>\t\t\t\t<\/div>\n\t\t\t\t<\/div>\n\t\t\t\t\t<\/div>\n\t\t\t\t<\/div>\n\t\t\t\t<\/div>\n\t\t","protected":false},"excerpt":{"rendered":"<p>Autori: V. Peretyachenko, O. Krishevich Securitatea re\u021belei electrice a ajuns \u00eentr-un punct critic. Privite \u00een ansamblu, documentele oficiale arat\u0103 din ce \u00een ce mai clar c\u0103 arhitectura actual\u0103 a re\u021belei electrice globale \u2014 cu expansiunea sa lent\u0103, blocajele persistente \u0219i dependen\u021ba ridicat\u0103 de c\u00e2teva straturi critice \u2014 nu mai \u021bine pasul cu noua cerere generat\u0103 [&hellip;]<\/p>\n","protected":false},"author":1,"featured_media":17478,"comment_status":"open","ping_status":"open","sticky":false,"template":"elementor_header_footer","format":"standard","meta":{"footnotes":""},"categories":[1054,329,1055,196],"tags":[1070,1084,1073,1085,1086,1087,1059,1093,1096,1088,1089,1092,1091,1094,1090,1095,1097],"class_list":{"0":"post-17489","1":"post","2":"type-post","3":"status-publish","4":"format-standard","5":"has-post-thumbnail","6":"hentry","7":"category-energy-architecture","8":"category-esg-ro","9":"category-infrastructure","10":"category-technology-ro","11":"tag-blackout-risk","13":"tag-distributed-energy","15":"tag-electricity-demand","16":"tag-energy-transition","17":"tag-grid-resilience","18":"tag-infrastructura-critica","19":"tag-infrastructura-energetica","20":"tag-power-grid-security","21":"tag-retea-electrica","22":"tag-rezilienta-retelei","23":"tag-risc-de-blackout","24":"tag-securitate-energetica","25":"tag-sisteme-energetice-distribuite","26":"tag-tranzitie-energetica","27":"tag-viitorul-energiei"},"_links":{"self":[{"href":"https:\/\/vendor.energy\/ro\/wp-json\/wp\/v2\/posts\/17489","targetHints":{"allow":["GET"]}}],"collection":[{"href":"https:\/\/vendor.energy\/ro\/wp-json\/wp\/v2\/posts"}],"about":[{"href":"https:\/\/vendor.energy\/ro\/wp-json\/wp\/v2\/types\/post"}],"author":[{"embeddable":true,"href":"https:\/\/vendor.energy\/ro\/wp-json\/wp\/v2\/users\/1"}],"replies":[{"embeddable":true,"href":"https:\/\/vendor.energy\/ro\/wp-json\/wp\/v2\/comments?post=17489"}],"version-history":[{"count":8,"href":"https:\/\/vendor.energy\/ro\/wp-json\/wp\/v2\/posts\/17489\/revisions"}],"predecessor-version":[{"id":17507,"href":"https:\/\/vendor.energy\/ro\/wp-json\/wp\/v2\/posts\/17489\/revisions\/17507"}],"wp:featuredmedia":[{"embeddable":true,"href":"https:\/\/vendor.energy\/ro\/wp-json\/wp\/v2\/media\/17478"}],"wp:attachment":[{"href":"https:\/\/vendor.energy\/ro\/wp-json\/wp\/v2\/media?parent=17489"}],"wp:term":[{"taxonomy":"category","embeddable":true,"href":"https:\/\/vendor.energy\/ro\/wp-json\/wp\/v2\/categories?post=17489"},{"taxonomy":"post_tag","embeddable":true,"href":"https:\/\/vendor.energy\/ro\/wp-json\/wp\/v2\/tags?post=17489"}],"curies":[{"name":"wp","href":"https:\/\/api.w.org\/{rel}","templated":true}]}}